{"id":12540,"date":"2022-06-06T11:00:51","date_gmt":"2022-06-06T14:00:51","guid":{"rendered":"https:\/\/www.abennacional.org.br\/site\/?p=12540"},"modified":"2022-06-06T11:03:11","modified_gmt":"2022-06-06T14:03:11","slug":"atencao-associadao-estudante-de-abeno-edital-para-selecao-de-monitoria-para-o-73o-congresso-brasileiro-esta-no-ar","status":"publish","type":"post","link":"https:\/\/www.abennacional.org.br\/site\/2022\/06\/06\/atencao-associadao-estudante-de-abeno-edital-para-selecao-de-monitoria-para-o-73o-congresso-brasileiro-esta-no-ar\/","title":{"rendered":"Aten\u00e7\u00e3o, Associada(o) Estudante de ABEn! O Edital para sele\u00e7\u00e3o de monitoria para o 73\u00ba Congresso Brasileiro est\u00e1 no ar!"},"content":{"rendered":"\n<p>Inscri\u00e7\u00f5es at\u00e9 o dia 30 de Junho 2022. Acesse: <a href=\"https:\/\/www.abeneventos.org.br\/73cben\/monitoria\/\">https:\/\/www.abeneventos.org.br\/73cben\/monitoria\/<\/a><\/p>\n\n\n\n<figure class=\"wp-block-image size-large\"><img loading=\"lazy\" width=\"1024\" height=\"1024\" src=\"https:\/\/www.abennacional.org.br\/site\/wp-content\/uploads\/2022\/06\/WhatsApp-Image-2022-06-02-at-16.54.23-1024x1024.jpeg\" alt=\"\" class=\"wp-image-12541\" srcset=\"https:\/\/www.abennacional.org.br\/site\/wp-content\/uploads\/2022\/06\/WhatsApp-Image-2022-06-02-at-16.54.23-1024x1024.jpeg 1024w, https:\/\/www.abennacional.org.br\/site\/wp-content\/uploads\/2022\/06\/WhatsApp-Image-2022-06-02-at-16.54.23-300x300.jpeg 300w, https:\/\/www.abennacional.org.br\/site\/wp-content\/uploads\/2022\/06\/WhatsApp-Image-2022-06-02-at-16.54.23-150x150.jpeg 150w, https:\/\/www.abennacional.org.br\/site\/wp-content\/uploads\/2022\/06\/WhatsApp-Image-2022-06-02-at-16.54.23-768x768.jpeg 768w, https:\/\/www.abennacional.org.br\/site\/wp-content\/uploads\/2022\/06\/WhatsApp-Image-2022-06-02-at-16.54.23.jpeg 1080w\" sizes=\"(max-width: 1024px) 100vw, 1024px\" \/><\/figure>\n","protected":false},"excerpt":{"rendered":"<p>Inscri\u00e7\u00f5es at\u00e9 o dia 30 de Junho 2022. Acesse: https:\/\/www.abeneventos.org.br\/73cben\/monitoria\/<\/p>\n","protected":false},"author":1,"featured_media":0,"comment_status":"closed","ping_status":"closed","sticky":false,"template":"","format":"standard","meta":{"spay_email":"","jetpack_publicize_message":"","jetpack_is_tweetstorm":false,"jetpack_publicize_feature_enabled":true},"categories":[5],"tags":[],"yoast_head":"<!-- This site is optimized with the Yoast SEO plugin v18.3 - https:\/\/yoast.com\/wordpress\/plugins\/seo\/ -->\n<title>Aten\u00e7\u00e3o, Associada(o) Estudante de ABEn! O Edital para sele\u00e7\u00e3o de monitoria para o 73\u00ba Congresso Brasileiro est\u00e1 no ar! - ABEn Nacional<\/title>\n<meta name=\"robots\" content=\"index, follow, max-snippet:-1, max-image-preview:large, max-video-preview:-1\" \/>\n<link rel=\"canonical\" href=\"https:\/\/www.abennacional.org.br\/site\/2022\/06\/06\/atencao-associadao-estudante-de-abeno-edital-para-selecao-de-monitoria-para-o-73o-congresso-brasileiro-esta-no-ar\/\" \/>\n<meta property=\"og:locale\" content=\"pt_BR\" \/>\n<meta property=\"og:type\" content=\"article\" \/>\n<meta property=\"og:title\" content=\"Aten\u00e7\u00e3o, Associada(o) Estudante de ABEn! O Edital para sele\u00e7\u00e3o de monitoria para o 73\u00ba Congresso Brasileiro est\u00e1 no ar! - ABEn Nacional\" \/>\n<meta property=\"og:description\" content=\"Inscri\u00e7\u00f5es at\u00e9 o dia 30 de Junho 2022. Acesse: https:\/\/www.abeneventos.org.br\/73cben\/monitoria\/\" \/>\n<meta property=\"og:url\" content=\"https:\/\/www.abennacional.org.br\/site\/2022\/06\/06\/atencao-associadao-estudante-de-abeno-edital-para-selecao-de-monitoria-para-o-73o-congresso-brasileiro-esta-no-ar\/\" \/>\n<meta property=\"og:site_name\" content=\"ABEn Nacional\" \/>\n<meta property=\"article:publisher\" content=\"https:\/\/www.facebook.com\/ABEn-Nacional-202551919840028\/\" \/>\n<meta property=\"article:published_time\" content=\"2022-06-06T14:00:51+00:00\" \/>\n<meta property=\"article:modified_time\" content=\"2022-06-06T14:03:11+00:00\" \/>\n<meta property=\"og:image\" content=\"https:\/\/www.abennacional.org.br\/site\/wp-content\/uploads\/2022\/06\/WhatsApp-Image-2022-06-02-at-16.54.23-1024x1024.jpeg\" \/>\n<meta name=\"twitter:card\" content=\"summary_large_image\" \/>\n<meta name=\"twitter:label1\" content=\"Escrito por\" \/>\n\t<meta name=\"twitter:data1\" content=\"admin\" \/>\n\t<meta name=\"twitter:label2\" content=\"Est. tempo de leitura\" \/>\n\t<meta name=\"twitter:data2\" content=\"1 minuto\" \/>\n<script type=\"application\/ld+json\" class=\"yoast-schema-graph\">{\"@context\":\"https:\/\/schema.org\",\"@graph\":[{\"@type\":\"Organization\",\"@id\":\"https:\/\/www.abennacional.org.br\/site\/#organization\",\"name\":\"ABEn Nacional\",\"url\":\"https:\/\/www.abennacional.org.br\/site\/\",\"sameAs\":[\"https:\/\/www.facebook.com\/ABEn-Nacional-202551919840028\/\",\"https:\/\/br.linkedin.com\/in\/aben-nacional-42385511b\",\"https:\/\/www.youtube.com\/watch?v=m8cvAUgypCI\"],\"logo\":{\"@type\":\"ImageObject\",\"@id\":\"https:\/\/www.abennacional.org.br\/site\/#logo\",\"inLanguage\":\"pt-BR\",\"url\":\"https:\/\/www.abennacional.org.br\/site\/wp-content\/uploads\/2018\/12\/logoaben_grande-2.png\",\"contentUrl\":\"https:\/\/www.abennacional.org.br\/site\/wp-content\/uploads\/2018\/12\/logoaben_grande-2.png\",\"width\":410,\"height\":139,\"caption\":\"ABEn Nacional\"},\"image\":{\"@id\":\"https:\/\/www.abennacional.org.br\/site\/#logo\"}},{\"@type\":\"WebSite\",\"@id\":\"https:\/\/www.abennacional.org.br\/site\/#website\",\"url\":\"https:\/\/www.abennacional.org.br\/site\/\",\"name\":\"ABEn Nacional\",\"description\":\"Associa\u00e7\u00e3o Brasileira de Enfermagem\",\"publisher\":{\"@id\":\"https:\/\/www.abennacional.org.br\/site\/#organization\"},\"potentialAction\":[{\"@type\":\"SearchAction\",\"target\":{\"@type\":\"EntryPoint\",\"urlTemplate\":\"https:\/\/www.abennacional.org.br\/site\/?s={search_term_string}\"},\"query-input\":\"required name=search_term_string\"}],\"inLanguage\":\"pt-BR\"},{\"@type\":\"ImageObject\",\"@id\":\"https:\/\/www.abennacional.org.br\/site\/2022\/06\/06\/atencao-associadao-estudante-de-abeno-edital-para-selecao-de-monitoria-para-o-73o-congresso-brasileiro-esta-no-ar\/#primaryimage\",\"inLanguage\":\"pt-BR\",\"url\":\"https:\/\/www.abennacional.org.br\/site\/wp-content\/uploads\/2022\/06\/WhatsApp-Image-2022-06-02-at-16.54.23.jpeg\",\"contentUrl\":\"https:\/\/www.abennacional.org.br\/site\/wp-content\/uploads\/2022\/06\/WhatsApp-Image-2022-06-02-at-16.54.23.jpeg\",\"width\":1080,\"height\":1080},{\"@type\":\"WebPage\",\"@id\":\"https:\/\/www.abennacional.org.br\/site\/2022\/06\/06\/atencao-associadao-estudante-de-abeno-edital-para-selecao-de-monitoria-para-o-73o-congresso-brasileiro-esta-no-ar\/#webpage\",\"url\":\"https:\/\/www.abennacional.org.br\/site\/2022\/06\/06\/atencao-associadao-estudante-de-abeno-edital-para-selecao-de-monitoria-para-o-73o-congresso-brasileiro-esta-no-ar\/\",\"name\":\"Aten\u00e7\u00e3o, Associada(o) Estudante de ABEn! O Edital para sele\u00e7\u00e3o de monitoria para o 73\u00ba Congresso Brasileiro est\u00e1 no ar! - ABEn Nacional\",\"isPartOf\":{\"@id\":\"https:\/\/www.abennacional.org.br\/site\/#website\"},\"primaryImageOfPage\":{\"@id\":\"https:\/\/www.abennacional.org.br\/site\/2022\/06\/06\/atencao-associadao-estudante-de-abeno-edital-para-selecao-de-monitoria-para-o-73o-congresso-brasileiro-esta-no-ar\/#primaryimage\"},\"datePublished\":\"2022-06-06T14:00:51+00:00\",\"dateModified\":\"2022-06-06T14:03:11+00:00\",\"breadcrumb\":{\"@id\":\"https:\/\/www.abennacional.org.br\/site\/2022\/06\/06\/atencao-associadao-estudante-de-abeno-edital-para-selecao-de-monitoria-para-o-73o-congresso-brasileiro-esta-no-ar\/#breadcrumb\"},\"inLanguage\":\"pt-BR\",\"potentialAction\":[{\"@type\":\"ReadAction\",\"target\":[\"https:\/\/www.abennacional.org.br\/site\/2022\/06\/06\/atencao-associadao-estudante-de-abeno-edital-para-selecao-de-monitoria-para-o-73o-congresso-brasileiro-esta-no-ar\/\"]}]},{\"@type\":\"BreadcrumbList\",\"@id\":\"https:\/\/www.abennacional.org.br\/site\/2022\/06\/06\/atencao-associadao-estudante-de-abeno-edital-para-selecao-de-monitoria-para-o-73o-congresso-brasileiro-esta-no-ar\/#breadcrumb\",\"itemListElement\":[{\"@type\":\"ListItem\",\"position\":1,\"name\":\"In\u00edcio\",\"item\":\"https:\/\/www.abennacional.org.br\/site\/\"},{\"@type\":\"ListItem\",\"position\":2,\"name\":\"Aten\u00e7\u00e3o, Associada(o) Estudante de ABEn! O Edital para sele\u00e7\u00e3o de monitoria para o 73\u00ba Congresso Brasileiro est\u00e1 no ar!\"}]},{\"@type\":\"Article\",\"@id\":\"https:\/\/www.abennacional.org.br\/site\/2022\/06\/06\/atencao-associadao-estudante-de-abeno-edital-para-selecao-de-monitoria-para-o-73o-congresso-brasileiro-esta-no-ar\/#article\",\"isPartOf\":{\"@id\":\"https:\/\/www.abennacional.org.br\/site\/2022\/06\/06\/atencao-associadao-estudante-de-abeno-edital-para-selecao-de-monitoria-para-o-73o-congresso-brasileiro-esta-no-ar\/#webpage\"},\"author\":{\"@id\":\"https:\/\/www.abennacional.org.br\/site\/#\/schema\/person\/2ea2a98f705c6a0620e0ba5fc2e90087\"},\"headline\":\"Aten\u00e7\u00e3o, Associada(o) Estudante de ABEn! O Edital para sele\u00e7\u00e3o de monitoria para o 73\u00ba Congresso Brasileiro est\u00e1 no ar!\",\"datePublished\":\"2022-06-06T14:00:51+00:00\",\"dateModified\":\"2022-06-06T14:03:11+00:00\",\"mainEntityOfPage\":{\"@id\":\"https:\/\/www.abennacional.org.br\/site\/2022\/06\/06\/atencao-associadao-estudante-de-abeno-edital-para-selecao-de-monitoria-para-o-73o-congresso-brasileiro-esta-no-ar\/#webpage\"},\"wordCount\":36,\"publisher\":{\"@id\":\"https:\/\/www.abennacional.org.br\/site\/#organization\"},\"image\":{\"@id\":\"https:\/\/www.abennacional.org.br\/site\/2022\/06\/06\/atencao-associadao-estudante-de-abeno-edital-para-selecao-de-monitoria-para-o-73o-congresso-brasileiro-esta-no-ar\/#primaryimage\"},\"thumbnailUrl\":\"https:\/\/www.abennacional.org.br\/site\/wp-content\/uploads\/2022\/06\/WhatsApp-Image-2022-06-02-at-16.54.23-1024x1024.jpeg\",\"articleSection\":[\"Not\u00edcias\"],\"inLanguage\":\"pt-BR\"},{\"@type\":\"Person\",\"@id\":\"https:\/\/www.abennacional.org.br\/site\/#\/schema\/person\/2ea2a98f705c6a0620e0ba5fc2e90087\",\"name\":\"admin\"}]}<\/script>\n<!-- \/ Yoast SEO plugin. -->","yoast_head_json":{"title":"Aten\u00e7\u00e3o, Associada(o) Estudante de ABEn! O Edital para sele\u00e7\u00e3o de monitoria para o 73\u00ba Congresso Brasileiro est\u00e1 no ar! - ABEn Nacional","robots":{"index":"index","follow":"follow","max-snippet":"max-snippet:-1","max-image-preview":"max-image-preview:large","max-video-preview":"max-video-preview:-1"},"canonical":"https:\/\/www.abennacional.org.br\/site\/2022\/06\/06\/atencao-associadao-estudante-de-abeno-edital-para-selecao-de-monitoria-para-o-73o-congresso-brasileiro-esta-no-ar\/","og_locale":"pt_BR","og_type":"article","og_title":"Aten\u00e7\u00e3o, Associada(o) Estudante de ABEn! O Edital para sele\u00e7\u00e3o de monitoria para o 73\u00ba Congresso Brasileiro est\u00e1 no ar! - ABEn Nacional","og_description":"Inscri\u00e7\u00f5es at\u00e9 o dia 30 de Junho 2022. Acesse: https:\/\/www.abeneventos.org.br\/73cben\/monitoria\/","og_url":"https:\/\/www.abennacional.org.br\/site\/2022\/06\/06\/atencao-associadao-estudante-de-abeno-edital-para-selecao-de-monitoria-para-o-73o-congresso-brasileiro-esta-no-ar\/","og_site_name":"ABEn Nacional","article_publisher":"https:\/\/www.facebook.com\/ABEn-Nacional-202551919840028\/","article_published_time":"2022-06-06T14:00:51+00:00","article_modified_time":"2022-06-06T14:03:11+00:00","og_image":[{"url":"https:\/\/www.abennacional.org.br\/site\/wp-content\/uploads\/2022\/06\/WhatsApp-Image-2022-06-02-at-16.54.23-1024x1024.jpeg"}],"twitter_card":"summary_large_image","twitter_misc":{"Escrito por":"admin","Est. tempo de leitura":"1 minuto"},"schema":{"@context":"https:\/\/schema.org","@graph":[{"@type":"Organization","@id":"https:\/\/www.abennacional.org.br\/site\/#organization","name":"ABEn Nacional","url":"https:\/\/www.abennacional.org.br\/site\/","sameAs":["https:\/\/www.facebook.com\/ABEn-Nacional-202551919840028\/","https:\/\/br.linkedin.com\/in\/aben-nacional-42385511b","https:\/\/www.youtube.com\/watch?v=m8cvAUgypCI"],"logo":{"@type":"ImageObject","@id":"https:\/\/www.abennacional.org.br\/site\/#logo","inLanguage":"pt-BR","url":"https:\/\/www.abennacional.org.br\/site\/wp-content\/uploads\/2018\/12\/logoaben_grande-2.png","contentUrl":"https:\/\/www.abennacional.org.br\/site\/wp-content\/uploads\/2018\/12\/logoaben_grande-2.png","width":410,"height":139,"caption":"ABEn Nacional"},"image":{"@id":"https:\/\/www.abennacional.org.br\/site\/#logo"}},{"@type":"WebSite","@id":"https:\/\/www.abennacional.org.br\/site\/#website","url":"https:\/\/www.abennacional.org.br\/site\/","name":"ABEn Nacional","description":"Associa\u00e7\u00e3o Brasileira de Enfermagem","publisher":{"@id":"https:\/\/www.abennacional.org.br\/site\/#organization"},"potentialAction":[{"@type":"SearchAction","target":{"@type":"EntryPoint","urlTemplate":"https:\/\/www.abennacional.org.br\/site\/?s={search_term_string}"},"query-input":"required name=search_term_string"}],"inLanguage":"pt-BR"},{"@type":"ImageObject","@id":"https:\/\/www.abennacional.org.br\/site\/2022\/06\/06\/atencao-associadao-estudante-de-abeno-edital-para-selecao-de-monitoria-para-o-73o-congresso-brasileiro-esta-no-ar\/#primaryimage","inLanguage":"pt-BR","url":"https:\/\/www.abennacional.org.br\/site\/wp-content\/uploads\/2022\/06\/WhatsApp-Image-2022-06-02-at-16.54.23.jpeg","contentUrl":"https:\/\/www.abennacional.org.br\/site\/wp-content\/uploads\/2022\/06\/WhatsApp-Image-2022-06-02-at-16.54.23.jpeg","width":1080,"height":1080},{"@type":"WebPage","@id":"https:\/\/www.abennacional.org.br\/site\/2022\/06\/06\/atencao-associadao-estudante-de-abeno-edital-para-selecao-de-monitoria-para-o-73o-congresso-brasileiro-esta-no-ar\/#webpage","url":"https:\/\/www.abennacional.org.br\/site\/2022\/06\/06\/atencao-associadao-estudante-de-abeno-edital-para-selecao-de-monitoria-para-o-73o-congresso-brasileiro-esta-no-ar\/","name":"Aten\u00e7\u00e3o, Associada(o) Estudante de ABEn! O Edital para sele\u00e7\u00e3o de monitoria para o 73\u00ba Congresso Brasileiro est\u00e1 no ar! - ABEn Nacional","isPartOf":{"@id":"https:\/\/www.abennacional.org.br\/site\/#website"},"primaryImageOfPage":{"@id":"https:\/\/www.abennacional.org.br\/site\/2022\/06\/06\/atencao-associadao-estudante-de-abeno-edital-para-selecao-de-monitoria-para-o-73o-congresso-brasileiro-esta-no-ar\/#primaryimage"},"datePublished":"2022-06-06T14:00:51+00:00","dateModified":"2022-06-06T14:03:11+00:00","breadcrumb":{"@id":"https:\/\/www.abennacional.org.br\/site\/2022\/06\/06\/atencao-associadao-estudante-de-abeno-edital-para-selecao-de-monitoria-para-o-73o-congresso-brasileiro-esta-no-ar\/#breadcrumb"},"inLanguage":"pt-BR","potentialAction":[{"@type":"ReadAction","target":["https:\/\/www.abennacional.org.br\/site\/2022\/06\/06\/atencao-associadao-estudante-de-abeno-edital-para-selecao-de-monitoria-para-o-73o-congresso-brasileiro-esta-no-ar\/"]}]},{"@type":"BreadcrumbList","@id":"https:\/\/www.abennacional.org.br\/site\/2022\/06\/06\/atencao-associadao-estudante-de-abeno-edital-para-selecao-de-monitoria-para-o-73o-congresso-brasileiro-esta-no-ar\/#breadcrumb","itemListElement":[{"@type":"ListItem","position":1,"name":"In\u00edcio","item":"https:\/\/www.abennacional.org.br\/site\/"},{"@type":"ListItem","position":2,"name":"Aten\u00e7\u00e3o, Associada(o) Estudante de ABEn! O Edital para sele\u00e7\u00e3o de monitoria para o 73\u00ba Congresso Brasileiro est\u00e1 no ar!"}]},{"@type":"Article","@id":"https:\/\/www.abennacional.org.br\/site\/2022\/06\/06\/atencao-associadao-estudante-de-abeno-edital-para-selecao-de-monitoria-para-o-73o-congresso-brasileiro-esta-no-ar\/#article","isPartOf":{"@id":"https:\/\/www.abennacional.org.br\/site\/2022\/06\/06\/atencao-associadao-estudante-de-abeno-edital-para-selecao-de-monitoria-para-o-73o-congresso-brasileiro-esta-no-ar\/#webpage"},"author":{"@id":"https:\/\/www.abennacional.org.br\/site\/#\/schema\/person\/2ea2a98f705c6a0620e0ba5fc2e90087"},"headline":"Aten\u00e7\u00e3o, Associada(o) Estudante de ABEn! O Edital para sele\u00e7\u00e3o de monitoria para o 73\u00ba Congresso Brasileiro est\u00e1 no ar!","datePublished":"2022-06-06T14:00:51+00:00","dateModified":"2022-06-06T14:03:11+00:00","mainEntityOfPage":{"@id":"https:\/\/www.abennacional.org.br\/site\/2022\/06\/06\/atencao-associadao-estudante-de-abeno-edital-para-selecao-de-monitoria-para-o-73o-congresso-brasileiro-esta-no-ar\/#webpage"},"wordCount":36,"publisher":{"@id":"https:\/\/www.abennacional.org.br\/site\/#organization"},"image":{"@id":"https:\/\/www.abennacional.org.br\/site\/2022\/06\/06\/atencao-associadao-estudante-de-abeno-edital-para-selecao-de-monitoria-para-o-73o-congresso-brasileiro-esta-no-ar\/#primaryimage"},"thumbnailUrl":"https:\/\/www.abennacional.org.br\/site\/wp-content\/uploads\/2022\/06\/WhatsApp-Image-2022-06-02-at-16.54.23-1024x1024.jpeg","articleSection":["Not\u00edcias"],"inLanguage":"pt-BR"},{"@type":"Person","@id":"https:\/\/www.abennacional.org.br\/site\/#\/schema\/person\/2ea2a98f705c6a0620e0ba5fc2e90087","name":"admin"}]}},"jetpack_featured_media_url":"","jetpack_publicize_connections":[],"jetpack_sharing_enabled":true,"jetpack_shortlink":"https:\/\/wp.me\/paUzFo-3gg","_links":{"self":[{"href":"https:\/\/www.abennacional.org.br\/site\/wp-json\/wp\/v2\/posts\/12540"}],"collection":[{"href":"https:\/\/www.abennacional.org.br\/site\/wp-json\/wp\/v2\/posts"}],"about":[{"href":"https:\/\/www.abennacional.org.br\/site\/wp-json\/wp\/v2\/types\/post"}],"author":[{"embeddable":true,"href":"https:\/\/www.abennacional.org.br\/site\/wp-json\/wp\/v2\/users\/1"}],"replies":[{"embeddable":true,"href":"https:\/\/www.abennacional.org.br\/site\/wp-json\/wp\/v2\/comments?post=12540"}],"version-history":[{"count":3,"href":"https:\/\/www.abennacional.org.br\/site\/wp-json\/wp\/v2\/posts\/12540\/revisions"}],"predecessor-version":[{"id":12544,"href":"https:\/\/www.abennacional.org.br\/site\/wp-json\/wp\/v2\/posts\/12540\/revisions\/12544"}],"wp:attachment":[{"href":"https:\/\/www.abennacional.org.br\/site\/wp-json\/wp\/v2\/media?parent=12540"}],"wp:term":[{"taxonomy":"category","embeddable":true,"href":"https:\/\/www.abennacional.org.br\/site\/wp-json\/wp\/v2\/categories?post=12540"},{"taxonomy":"post_tag","embeddable":true,"href":"https:\/\/www.abennacional.org.br\/site\/wp-json\/wp\/v2\/tags?post=12540"}],"curies":[{"name":"wp","href":"https:\/\/api.w.org\/{rel}","templated":true}]}}