{"id":15098,"date":"2023-11-30T17:52:29","date_gmt":"2023-11-30T20:52:29","guid":{"rendered":"https:\/\/www.abennacional.org.br\/site\/?p=15098"},"modified":"2023-11-30T17:53:42","modified_gmt":"2023-11-30T20:53:42","slug":"valorizacao-do-trabalho-interprofissional-e-coerencia-com-os-principios-do-sistema-unico-de-saude","status":"publish","type":"post","link":"https:\/\/www.abennacional.org.br\/site\/2023\/11\/30\/valorizacao-do-trabalho-interprofissional-e-coerencia-com-os-principios-do-sistema-unico-de-saude\/","title":{"rendered":"VALORIZA\u00c7\u00c3O DO TRABALHO INTERPROFISSIONAL E COER\u00caNCIA COM OS PRINC\u00cdPIOS DO SISTEMA \u00daNICO DE SA\u00daDE"},"content":{"rendered":"\n<p>Documento assinado pela Associa\u00e7\u00e3o Brasileira de Enfermagem (ABEn), Associa\u00e7\u00e3o Brasileira de Enfermagem de Fam\u00edlia e Comunidade (ABEFACO), Federa\u00e7\u00e3o Nacional dos Enfermeiros (FNE), Associa\u00e7\u00e3o Brasileira de Obstetrizes e Enfermeiros Obstetras (ABENFO) e Executiva Nacional dos Estudantes de Enfermagem (ENEEnf) fala sobre as Pr\u00e1ticas Avan\u00e7as em Enfermagem no Brasil: Valoriza\u00e7\u00e3o do Trabalho Interprofissional e coer\u00eancia com os princ\u00edpios do Sistema \u00danico de Sa\u00fade.<\/p>\n\n\n\n<p>Leia o documento completo <a href=\"https:\/\/www.abennacional.org.br\/site\/wp-content\/uploads\/2023\/11\/Praticas-Avancadas-em-Enfermagem_-Nota-conjunta-1.pdf\" target=\"_blank\" rel=\"noreferrer noopener\">clicando aqui<\/a><\/p>\n","protected":false},"excerpt":{"rendered":"<p>Documento assinado pela Associa\u00e7\u00e3o Brasileira de Enfermagem (ABEn), Associa\u00e7\u00e3o Brasileira de Enfermagem de Fam\u00edlia e Comunidade (ABEFACO), Federa\u00e7\u00e3o Nacional dos Enfermeiros (FNE), Associa\u00e7\u00e3o Brasileira de Obstetrizes e Enfermeiros Obstetras (ABENFO) e Executiva Nacional dos Estudantes de Enfermagem (ENEEnf) fala sobre as Pr\u00e1ticas Avan\u00e7as em Enfermagem no Brasil: Valoriza\u00e7\u00e3o do Trabalho Interprofissional e coer\u00eancia com os [&hellip;]<\/p>\n","protected":false},"author":1,"featured_media":0,"comment_status":"closed","ping_status":"closed","sticky":false,"template":"","format":"standard","meta":{"spay_email":"","jetpack_publicize_message":"","jetpack_is_tweetstorm":false,"jetpack_publicize_feature_enabled":true},"categories":[5],"tags":[],"yoast_head":"<!-- This site is optimized with the Yoast SEO plugin v18.3 - https:\/\/yoast.com\/wordpress\/plugins\/seo\/ -->\n<title>VALORIZA\u00c7\u00c3O DO TRABALHO INTERPROFISSIONAL E COER\u00caNCIA COM OS PRINC\u00cdPIOS DO SISTEMA \u00daNICO DE SA\u00daDE - ABEn Nacional<\/title>\n<meta name=\"robots\" content=\"index, follow, max-snippet:-1, max-image-preview:large, max-video-preview:-1\" \/>\n<link rel=\"canonical\" href=\"https:\/\/www.abennacional.org.br\/site\/2023\/11\/30\/valorizacao-do-trabalho-interprofissional-e-coerencia-com-os-principios-do-sistema-unico-de-saude\/\" \/>\n<meta property=\"og:locale\" content=\"pt_BR\" \/>\n<meta property=\"og:type\" content=\"article\" \/>\n<meta property=\"og:title\" content=\"VALORIZA\u00c7\u00c3O DO TRABALHO INTERPROFISSIONAL E COER\u00caNCIA COM OS PRINC\u00cdPIOS DO SISTEMA \u00daNICO DE SA\u00daDE - ABEn Nacional\" \/>\n<meta property=\"og:description\" content=\"Documento assinado pela Associa\u00e7\u00e3o Brasileira de Enfermagem (ABEn), Associa\u00e7\u00e3o Brasileira de Enfermagem de Fam\u00edlia e Comunidade (ABEFACO), Federa\u00e7\u00e3o Nacional dos Enfermeiros (FNE), Associa\u00e7\u00e3o Brasileira de Obstetrizes e Enfermeiros Obstetras (ABENFO) e Executiva Nacional dos Estudantes de Enfermagem (ENEEnf) fala sobre as Pr\u00e1ticas Avan\u00e7as em Enfermagem no Brasil: Valoriza\u00e7\u00e3o do Trabalho Interprofissional e coer\u00eancia com os [&hellip;]\" \/>\n<meta property=\"og:url\" content=\"https:\/\/www.abennacional.org.br\/site\/2023\/11\/30\/valorizacao-do-trabalho-interprofissional-e-coerencia-com-os-principios-do-sistema-unico-de-saude\/\" \/>\n<meta property=\"og:site_name\" content=\"ABEn Nacional\" \/>\n<meta property=\"article:publisher\" content=\"https:\/\/www.facebook.com\/ABEn-Nacional-202551919840028\/\" \/>\n<meta property=\"article:published_time\" content=\"2023-11-30T20:52:29+00:00\" \/>\n<meta property=\"article:modified_time\" content=\"2023-11-30T20:53:42+00:00\" \/>\n<meta name=\"twitter:card\" content=\"summary_large_image\" \/>\n<meta name=\"twitter:label1\" content=\"Escrito por\" \/>\n\t<meta name=\"twitter:data1\" content=\"admin\" \/>\n\t<meta name=\"twitter:label2\" content=\"Est. tempo de leitura\" \/>\n\t<meta name=\"twitter:data2\" content=\"1 minuto\" \/>\n<script type=\"application\/ld+json\" class=\"yoast-schema-graph\">{\"@context\":\"https:\/\/schema.org\",\"@graph\":[{\"@type\":\"Organization\",\"@id\":\"https:\/\/www.abennacional.org.br\/site\/#organization\",\"name\":\"ABEn Nacional\",\"url\":\"https:\/\/www.abennacional.org.br\/site\/\",\"sameAs\":[\"https:\/\/www.facebook.com\/ABEn-Nacional-202551919840028\/\",\"https:\/\/br.linkedin.com\/in\/aben-nacional-42385511b\",\"https:\/\/www.youtube.com\/watch?v=m8cvAUgypCI\"],\"logo\":{\"@type\":\"ImageObject\",\"@id\":\"https:\/\/www.abennacional.org.br\/site\/#logo\",\"inLanguage\":\"pt-BR\",\"url\":\"https:\/\/www.abennacional.org.br\/site\/wp-content\/uploads\/2018\/12\/logoaben_grande-2.png\",\"contentUrl\":\"https:\/\/www.abennacional.org.br\/site\/wp-content\/uploads\/2018\/12\/logoaben_grande-2.png\",\"width\":410,\"height\":139,\"caption\":\"ABEn Nacional\"},\"image\":{\"@id\":\"https:\/\/www.abennacional.org.br\/site\/#logo\"}},{\"@type\":\"WebSite\",\"@id\":\"https:\/\/www.abennacional.org.br\/site\/#website\",\"url\":\"https:\/\/www.abennacional.org.br\/site\/\",\"name\":\"ABEn Nacional\",\"description\":\"Associa\u00e7\u00e3o Brasileira de Enfermagem\",\"publisher\":{\"@id\":\"https:\/\/www.abennacional.org.br\/site\/#organization\"},\"potentialAction\":[{\"@type\":\"SearchAction\",\"target\":{\"@type\":\"EntryPoint\",\"urlTemplate\":\"https:\/\/www.abennacional.org.br\/site\/?s={search_term_string}\"},\"query-input\":\"required name=search_term_string\"}],\"inLanguage\":\"pt-BR\"},{\"@type\":\"WebPage\",\"@id\":\"https:\/\/www.abennacional.org.br\/site\/2023\/11\/30\/valorizacao-do-trabalho-interprofissional-e-coerencia-com-os-principios-do-sistema-unico-de-saude\/#webpage\",\"url\":\"https:\/\/www.abennacional.org.br\/site\/2023\/11\/30\/valorizacao-do-trabalho-interprofissional-e-coerencia-com-os-principios-do-sistema-unico-de-saude\/\",\"name\":\"VALORIZA\u00c7\u00c3O DO TRABALHO INTERPROFISSIONAL E COER\u00caNCIA COM OS PRINC\u00cdPIOS DO SISTEMA \u00daNICO DE SA\u00daDE - ABEn Nacional\",\"isPartOf\":{\"@id\":\"https:\/\/www.abennacional.org.br\/site\/#website\"},\"datePublished\":\"2023-11-30T20:52:29+00:00\",\"dateModified\":\"2023-11-30T20:53:42+00:00\",\"breadcrumb\":{\"@id\":\"https:\/\/www.abennacional.org.br\/site\/2023\/11\/30\/valorizacao-do-trabalho-interprofissional-e-coerencia-com-os-principios-do-sistema-unico-de-saude\/#breadcrumb\"},\"inLanguage\":\"pt-BR\",\"potentialAction\":[{\"@type\":\"ReadAction\",\"target\":[\"https:\/\/www.abennacional.org.br\/site\/2023\/11\/30\/valorizacao-do-trabalho-interprofissional-e-coerencia-com-os-principios-do-sistema-unico-de-saude\/\"]}]},{\"@type\":\"BreadcrumbList\",\"@id\":\"https:\/\/www.abennacional.org.br\/site\/2023\/11\/30\/valorizacao-do-trabalho-interprofissional-e-coerencia-com-os-principios-do-sistema-unico-de-saude\/#breadcrumb\",\"itemListElement\":[{\"@type\":\"ListItem\",\"position\":1,\"name\":\"In\u00edcio\",\"item\":\"https:\/\/www.abennacional.org.br\/site\/\"},{\"@type\":\"ListItem\",\"position\":2,\"name\":\"VALORIZA\u00c7\u00c3O DO TRABALHO INTERPROFISSIONAL E COER\u00caNCIA COM OS PRINC\u00cdPIOS DO SISTEMA \u00daNICO DE SA\u00daDE\"}]},{\"@type\":\"Article\",\"@id\":\"https:\/\/www.abennacional.org.br\/site\/2023\/11\/30\/valorizacao-do-trabalho-interprofissional-e-coerencia-com-os-principios-do-sistema-unico-de-saude\/#article\",\"isPartOf\":{\"@id\":\"https:\/\/www.abennacional.org.br\/site\/2023\/11\/30\/valorizacao-do-trabalho-interprofissional-e-coerencia-com-os-principios-do-sistema-unico-de-saude\/#webpage\"},\"author\":{\"@id\":\"https:\/\/www.abennacional.org.br\/site\/#\/schema\/person\/2ea2a98f705c6a0620e0ba5fc2e90087\"},\"headline\":\"VALORIZA\u00c7\u00c3O DO TRABALHO INTERPROFISSIONAL E COER\u00caNCIA COM OS PRINC\u00cdPIOS DO SISTEMA \u00daNICO DE SA\u00daDE\",\"datePublished\":\"2023-11-30T20:52:29+00:00\",\"dateModified\":\"2023-11-30T20:53:42+00:00\",\"mainEntityOfPage\":{\"@id\":\"https:\/\/www.abennacional.org.br\/site\/2023\/11\/30\/valorizacao-do-trabalho-interprofissional-e-coerencia-com-os-principios-do-sistema-unico-de-saude\/#webpage\"},\"wordCount\":96,\"publisher\":{\"@id\":\"https:\/\/www.abennacional.org.br\/site\/#organization\"},\"articleSection\":[\"Not\u00edcias\"],\"inLanguage\":\"pt-BR\"},{\"@type\":\"Person\",\"@id\":\"https:\/\/www.abennacional.org.br\/site\/#\/schema\/person\/2ea2a98f705c6a0620e0ba5fc2e90087\",\"name\":\"admin\"}]}<\/script>\n<!-- \/ Yoast SEO plugin. -->","yoast_head_json":{"title":"VALORIZA\u00c7\u00c3O DO TRABALHO INTERPROFISSIONAL E COER\u00caNCIA COM OS PRINC\u00cdPIOS DO SISTEMA \u00daNICO DE SA\u00daDE - ABEn Nacional","robots":{"index":"index","follow":"follow","max-snippet":"max-snippet:-1","max-image-preview":"max-image-preview:large","max-video-preview":"max-video-preview:-1"},"canonical":"https:\/\/www.abennacional.org.br\/site\/2023\/11\/30\/valorizacao-do-trabalho-interprofissional-e-coerencia-com-os-principios-do-sistema-unico-de-saude\/","og_locale":"pt_BR","og_type":"article","og_title":"VALORIZA\u00c7\u00c3O DO TRABALHO INTERPROFISSIONAL E COER\u00caNCIA COM OS PRINC\u00cdPIOS DO SISTEMA \u00daNICO DE SA\u00daDE - ABEn Nacional","og_description":"Documento assinado pela Associa\u00e7\u00e3o Brasileira de Enfermagem (ABEn), Associa\u00e7\u00e3o Brasileira de Enfermagem de Fam\u00edlia e Comunidade (ABEFACO), Federa\u00e7\u00e3o Nacional dos Enfermeiros (FNE), Associa\u00e7\u00e3o Brasileira de Obstetrizes e Enfermeiros Obstetras (ABENFO) e Executiva Nacional dos Estudantes de Enfermagem (ENEEnf) fala sobre as Pr\u00e1ticas Avan\u00e7as em Enfermagem no Brasil: Valoriza\u00e7\u00e3o do Trabalho Interprofissional e coer\u00eancia com os [&hellip;]","og_url":"https:\/\/www.abennacional.org.br\/site\/2023\/11\/30\/valorizacao-do-trabalho-interprofissional-e-coerencia-com-os-principios-do-sistema-unico-de-saude\/","og_site_name":"ABEn Nacional","article_publisher":"https:\/\/www.facebook.com\/ABEn-Nacional-202551919840028\/","article_published_time":"2023-11-30T20:52:29+00:00","article_modified_time":"2023-11-30T20:53:42+00:00","twitter_card":"summary_large_image","twitter_misc":{"Escrito por":"admin","Est. tempo de leitura":"1 minuto"},"schema":{"@context":"https:\/\/schema.org","@graph":[{"@type":"Organization","@id":"https:\/\/www.abennacional.org.br\/site\/#organization","name":"ABEn Nacional","url":"https:\/\/www.abennacional.org.br\/site\/","sameAs":["https:\/\/www.facebook.com\/ABEn-Nacional-202551919840028\/","https:\/\/br.linkedin.com\/in\/aben-nacional-42385511b","https:\/\/www.youtube.com\/watch?v=m8cvAUgypCI"],"logo":{"@type":"ImageObject","@id":"https:\/\/www.abennacional.org.br\/site\/#logo","inLanguage":"pt-BR","url":"https:\/\/www.abennacional.org.br\/site\/wp-content\/uploads\/2018\/12\/logoaben_grande-2.png","contentUrl":"https:\/\/www.abennacional.org.br\/site\/wp-content\/uploads\/2018\/12\/logoaben_grande-2.png","width":410,"height":139,"caption":"ABEn Nacional"},"image":{"@id":"https:\/\/www.abennacional.org.br\/site\/#logo"}},{"@type":"WebSite","@id":"https:\/\/www.abennacional.org.br\/site\/#website","url":"https:\/\/www.abennacional.org.br\/site\/","name":"ABEn Nacional","description":"Associa\u00e7\u00e3o Brasileira de Enfermagem","publisher":{"@id":"https:\/\/www.abennacional.org.br\/site\/#organization"},"potentialAction":[{"@type":"SearchAction","target":{"@type":"EntryPoint","urlTemplate":"https:\/\/www.abennacional.org.br\/site\/?s={search_term_string}"},"query-input":"required name=search_term_string"}],"inLanguage":"pt-BR"},{"@type":"WebPage","@id":"https:\/\/www.abennacional.org.br\/site\/2023\/11\/30\/valorizacao-do-trabalho-interprofissional-e-coerencia-com-os-principios-do-sistema-unico-de-saude\/#webpage","url":"https:\/\/www.abennacional.org.br\/site\/2023\/11\/30\/valorizacao-do-trabalho-interprofissional-e-coerencia-com-os-principios-do-sistema-unico-de-saude\/","name":"VALORIZA\u00c7\u00c3O DO TRABALHO INTERPROFISSIONAL E COER\u00caNCIA COM OS PRINC\u00cdPIOS DO SISTEMA \u00daNICO DE SA\u00daDE - ABEn Nacional","isPartOf":{"@id":"https:\/\/www.abennacional.org.br\/site\/#website"},"datePublished":"2023-11-30T20:52:29+00:00","dateModified":"2023-11-30T20:53:42+00:00","breadcrumb":{"@id":"https:\/\/www.abennacional.org.br\/site\/2023\/11\/30\/valorizacao-do-trabalho-interprofissional-e-coerencia-com-os-principios-do-sistema-unico-de-saude\/#breadcrumb"},"inLanguage":"pt-BR","potentialAction":[{"@type":"ReadAction","target":["https:\/\/www.abennacional.org.br\/site\/2023\/11\/30\/valorizacao-do-trabalho-interprofissional-e-coerencia-com-os-principios-do-sistema-unico-de-saude\/"]}]},{"@type":"BreadcrumbList","@id":"https:\/\/www.abennacional.org.br\/site\/2023\/11\/30\/valorizacao-do-trabalho-interprofissional-e-coerencia-com-os-principios-do-sistema-unico-de-saude\/#breadcrumb","itemListElement":[{"@type":"ListItem","position":1,"name":"In\u00edcio","item":"https:\/\/www.abennacional.org.br\/site\/"},{"@type":"ListItem","position":2,"name":"VALORIZA\u00c7\u00c3O DO TRABALHO INTERPROFISSIONAL E COER\u00caNCIA COM OS PRINC\u00cdPIOS DO SISTEMA \u00daNICO DE SA\u00daDE"}]},{"@type":"Article","@id":"https:\/\/www.abennacional.org.br\/site\/2023\/11\/30\/valorizacao-do-trabalho-interprofissional-e-coerencia-com-os-principios-do-sistema-unico-de-saude\/#article","isPartOf":{"@id":"https:\/\/www.abennacional.org.br\/site\/2023\/11\/30\/valorizacao-do-trabalho-interprofissional-e-coerencia-com-os-principios-do-sistema-unico-de-saude\/#webpage"},"author":{"@id":"https:\/\/www.abennacional.org.br\/site\/#\/schema\/person\/2ea2a98f705c6a0620e0ba5fc2e90087"},"headline":"VALORIZA\u00c7\u00c3O DO TRABALHO INTERPROFISSIONAL E COER\u00caNCIA COM OS PRINC\u00cdPIOS DO SISTEMA \u00daNICO DE SA\u00daDE","datePublished":"2023-11-30T20:52:29+00:00","dateModified":"2023-11-30T20:53:42+00:00","mainEntityOfPage":{"@id":"https:\/\/www.abennacional.org.br\/site\/2023\/11\/30\/valorizacao-do-trabalho-interprofissional-e-coerencia-com-os-principios-do-sistema-unico-de-saude\/#webpage"},"wordCount":96,"publisher":{"@id":"https:\/\/www.abennacional.org.br\/site\/#organization"},"articleSection":["Not\u00edcias"],"inLanguage":"pt-BR"},{"@type":"Person","@id":"https:\/\/www.abennacional.org.br\/site\/#\/schema\/person\/2ea2a98f705c6a0620e0ba5fc2e90087","name":"admin"}]}},"jetpack_featured_media_url":"","jetpack_publicize_connections":[],"jetpack_sharing_enabled":true,"jetpack_shortlink":"https:\/\/wp.me\/paUzFo-3Vw","_links":{"self":[{"href":"https:\/\/www.abennacional.org.br\/site\/wp-json\/wp\/v2\/posts\/15098"}],"collection":[{"href":"https:\/\/www.abennacional.org.br\/site\/wp-json\/wp\/v2\/posts"}],"about":[{"href":"https:\/\/www.abennacional.org.br\/site\/wp-json\/wp\/v2\/types\/post"}],"author":[{"embeddable":true,"href":"https:\/\/www.abennacional.org.br\/site\/wp-json\/wp\/v2\/users\/1"}],"replies":[{"embeddable":true,"href":"https:\/\/www.abennacional.org.br\/site\/wp-json\/wp\/v2\/comments?post=15098"}],"version-history":[{"count":1,"href":"https:\/\/www.abennacional.org.br\/site\/wp-json\/wp\/v2\/posts\/15098\/revisions"}],"predecessor-version":[{"id":15100,"href":"https:\/\/www.abennacional.org.br\/site\/wp-json\/wp\/v2\/posts\/15098\/revisions\/15100"}],"wp:attachment":[{"href":"https:\/\/www.abennacional.org.br\/site\/wp-json\/wp\/v2\/media?parent=15098"}],"wp:term":[{"taxonomy":"category","embeddable":true,"href":"https:\/\/www.abennacional.org.br\/site\/wp-json\/wp\/v2\/categories?post=15098"},{"taxonomy":"post_tag","embeddable":true,"href":"https:\/\/www.abennacional.org.br\/site\/wp-json\/wp\/v2\/tags?post=15098"}],"curies":[{"name":"wp","href":"https:\/\/api.w.org\/{rel}","templated":true}]}}